{"id":5017,"date":"2015-05-22T18:26:44","date_gmt":"2015-05-22T18:26:44","guid":{"rendered":"http:\/\/www.acertar.org.br\/acertar\/?p=5017"},"modified":"2015-06-25T19:52:03","modified_gmt":"2015-06-25T19:52:03","slug":"ceramica-materiais-100-reciclaveis","status":"publish","type":"post","link":"https:\/\/www.acertar.org.br\/acertar\/ceramica-materiais-100-reciclaveis\/","title":{"rendered":"Cer\u00e2mica: materiais 100% recicl\u00e1veis"},"content":{"rendered":"<p>Um dos grandes desafios da sustentabilidade \u00e9, sem d\u00favida, a reciclagem. Em todos os segmentos da economia novas solu\u00e7\u00f5es est\u00e3o sendo constru\u00eddas para fechar o circuito entre a retirada de recursos naturais, a produ\u00e7\u00e3o, o consumo e o retorno dos res\u00edduos como insumos de produ\u00e7\u00e3o. Na constru\u00e7\u00e3o civil o princ\u00edpio \u00e9 o mesmo: quanto mais recicl\u00e1veis os insumos, mais pr\u00f3ximos estaremos de reduzir o impacto sobre a natureza na dire\u00e7\u00e3o da sustentabilidade. Para se ter uma id\u00e9ia, estima-se que mais da metade do lixo urbano das grandes metr\u00f3plis\u00a0\u00e9 representado pelo entulho.\u00a0Uma boa not\u00edcia \u00e9 que\u00a0os blocos, telhas e lajes de cer\u00e2mica s\u00e3o 100% recicl\u00e1veis.\u00a0Por isso, a cer\u00e2mica \u00e9 a\u00a0solu\u00e7\u00e3o construtiva que\u00a0mais\u00a0contribui com\u00a0\u00a0o atendimento \u00e0s normas t\u00e9cnicas e boas pr\u00e1ticas na constru\u00e7\u00e3o.<\/p>\n<p>Qualquer projeto comprometido com a sustentabilidade deve contar com os produtos cer\u00e2micos.<\/p>\n<h3>Afinal a cer\u00e2mica \u00e9 sustent\u00e1vel por natureza!<\/h3>\n","protected":false},"excerpt":{"rendered":"<p>Um dos grandes desafios da sustentabilidade \u00e9, sem d\u00favida, a reciclagem. Em todos os segmentos da economia novas solu\u00e7\u00f5es est\u00e3o sendo constru\u00eddas para fechar o circuito entre a retirada de&#8230;<\/p>\n","protected":false},"author":1,"featured_media":5022,"comment_status":"open","ping_status":"open","sticky":false,"template":"","format":"standard","meta":{"footnotes":""},"categories":[37,47],"tags":[57,53,56,39,55,54],"yoast_head":"<!-- This site is optimized with the Yoast SEO plugin v22.8 - https:\/\/yoast.com\/wordpress\/plugins\/seo\/ -->\n<title>Cer\u00e2mica: materiais 100% recicl\u00e1veis - Bloco Ceramico-Tijolo-Telha-Laje-SP<\/title>\n<meta name=\"robots\" content=\"index, follow, max-snippet:-1, max-image-preview:large, max-video-preview:-1\" \/>\n<link rel=\"canonical\" href=\"https:\/\/www.acertar.org.br\/acertar\/ceramica-materiais-100-reciclaveis\/\" \/>\n<meta property=\"og:locale\" content=\"pt_BR\" \/>\n<meta property=\"og:type\" content=\"article\" \/>\n<meta property=\"og:title\" content=\"Cer\u00e2mica: materiais 100% recicl\u00e1veis - Bloco Ceramico-Tijolo-Telha-Laje-SP\" \/>\n<meta property=\"og:description\" content=\"Um dos grandes desafios da sustentabilidade \u00e9, sem d\u00favida, a reciclagem. Em todos os segmentos da economia novas solu\u00e7\u00f5es est\u00e3o sendo constru\u00eddas para fechar o circuito entre a retirada de...\" \/>\n<meta property=\"og:url\" content=\"https:\/\/www.acertar.org.br\/acertar\/ceramica-materiais-100-reciclaveis\/\" \/>\n<meta property=\"og:site_name\" content=\"Bloco Ceramico-Tijolo-Telha-Laje-SP\" \/>\n<meta property=\"article:published_time\" content=\"2015-05-22T18:26:44+00:00\" \/>\n<meta property=\"article:modified_time\" content=\"2015-06-25T19:52:03+00:00\" \/>\n<meta property=\"og:image\" content=\"https:\/\/www.acertar.org.br\/wp-content\/uploads\/2015\/04\/100Reciclavel1.jpg\" \/>\n\t<meta property=\"og:image:width\" content=\"600\" \/>\n\t<meta property=\"og:image:height\" content=\"472\" \/>\n\t<meta property=\"og:image:type\" content=\"image\/jpeg\" \/>\n<meta name=\"author\" content=\"Administrador\" \/>\n<meta name=\"twitter:label1\" content=\"Escrito por\" \/>\n\t<meta name=\"twitter:data1\" content=\"Administrador\" \/>\n\t<meta name=\"twitter:label2\" content=\"Est. tempo de leitura\" \/>\n\t<meta name=\"twitter:data2\" content=\"1 minuto\" \/>\n<script type=\"application\/ld+json\" class=\"yoast-schema-graph\">{\"@context\":\"https:\/\/schema.org\",\"@graph\":[{\"@type\":\"WebPage\",\"@id\":\"https:\/\/www.acertar.org.br\/acertar\/ceramica-materiais-100-reciclaveis\/\",\"url\":\"https:\/\/www.acertar.org.br\/acertar\/ceramica-materiais-100-reciclaveis\/\",\"name\":\"Cer\u00e2mica: materiais 100% recicl\u00e1veis - Bloco Ceramico-Tijolo-Telha-Laje-SP\",\"isPartOf\":{\"@id\":\"https:\/\/www.acertar.org.br\/acertar\/#website\"},\"primaryImageOfPage\":{\"@id\":\"https:\/\/www.acertar.org.br\/acertar\/ceramica-materiais-100-reciclaveis\/#primaryimage\"},\"image\":{\"@id\":\"https:\/\/www.acertar.org.br\/acertar\/ceramica-materiais-100-reciclaveis\/#primaryimage\"},\"thumbnailUrl\":\"https:\/\/www.acertar.org.br\/wp-content\/uploads\/2015\/04\/100Reciclavel1.jpg\",\"datePublished\":\"2015-05-22T18:26:44+00:00\",\"dateModified\":\"2015-06-25T19:52:03+00:00\",\"author\":{\"@id\":\"https:\/\/www.acertar.org.br\/acertar\/#\/schema\/person\/4dedfe82c5214bfe083e0df97672c918\"},\"breadcrumb\":{\"@id\":\"https:\/\/www.acertar.org.br\/acertar\/ceramica-materiais-100-reciclaveis\/#breadcrumb\"},\"inLanguage\":\"pt-BR\",\"potentialAction\":[{\"@type\":\"ReadAction\",\"target\":[\"https:\/\/www.acertar.org.br\/acertar\/ceramica-materiais-100-reciclaveis\/\"]}]},{\"@type\":\"ImageObject\",\"inLanguage\":\"pt-BR\",\"@id\":\"https:\/\/www.acertar.org.br\/acertar\/ceramica-materiais-100-reciclaveis\/#primaryimage\",\"url\":\"https:\/\/www.acertar.org.br\/wp-content\/uploads\/2015\/04\/100Reciclavel1.jpg\",\"contentUrl\":\"https:\/\/www.acertar.org.br\/wp-content\/uploads\/2015\/04\/100Reciclavel1.jpg\",\"width\":600,\"height\":472},{\"@type\":\"BreadcrumbList\",\"@id\":\"https:\/\/www.acertar.org.br\/acertar\/ceramica-materiais-100-reciclaveis\/#breadcrumb\",\"itemListElement\":[{\"@type\":\"ListItem\",\"position\":1,\"name\":\"In\u00edcio\",\"item\":\"https:\/\/www.acertar.org.br\/acertar\/\"},{\"@type\":\"ListItem\",\"position\":2,\"name\":\"Cer\u00e2mica: materiais 100% recicl\u00e1veis\"}]},{\"@type\":\"WebSite\",\"@id\":\"https:\/\/www.acertar.org.br\/acertar\/#website\",\"url\":\"https:\/\/www.acertar.org.br\/acertar\/\",\"name\":\"Bloco Ceramico-Tijolo-Telha-Laje-SP\",\"description\":\"Associa\u00e7\u00e3o das Cer\u00e2micas de Tatu\u00ed e Regi\u00e3o\",\"potentialAction\":[{\"@type\":\"SearchAction\",\"target\":{\"@type\":\"EntryPoint\",\"urlTemplate\":\"https:\/\/www.acertar.org.br\/acertar\/?s={search_term_string}\"},\"query-input\":\"required name=search_term_string\"}],\"inLanguage\":\"pt-BR\"},{\"@type\":\"Person\",\"@id\":\"https:\/\/www.acertar.org.br\/acertar\/#\/schema\/person\/4dedfe82c5214bfe083e0df97672c918\",\"name\":\"Administrador\",\"image\":{\"@type\":\"ImageObject\",\"inLanguage\":\"pt-BR\",\"@id\":\"https:\/\/www.acertar.org.br\/acertar\/#\/schema\/person\/image\/\",\"url\":\"https:\/\/secure.gravatar.com\/avatar\/79cc291565d0dd9baa4668ea5961187d?s=96&d=mm&r=g\",\"contentUrl\":\"https:\/\/secure.gravatar.com\/avatar\/79cc291565d0dd9baa4668ea5961187d?s=96&d=mm&r=g\",\"caption\":\"Administrador\"},\"url\":\"https:\/\/www.acertar.org.br\/acertar\/author\/administrador\/\"}]}<\/script>\n<!-- \/ Yoast SEO plugin. -->","yoast_head_json":{"title":"Cer\u00e2mica: materiais 100% recicl\u00e1veis - Bloco Ceramico-Tijolo-Telha-Laje-SP","robots":{"index":"index","follow":"follow","max-snippet":"max-snippet:-1","max-image-preview":"max-image-preview:large","max-video-preview":"max-video-preview:-1"},"canonical":"https:\/\/www.acertar.org.br\/acertar\/ceramica-materiais-100-reciclaveis\/","og_locale":"pt_BR","og_type":"article","og_title":"Cer\u00e2mica: materiais 100% recicl\u00e1veis - Bloco Ceramico-Tijolo-Telha-Laje-SP","og_description":"Um dos grandes desafios da sustentabilidade \u00e9, sem d\u00favida, a reciclagem. Em todos os segmentos da economia novas solu\u00e7\u00f5es est\u00e3o sendo constru\u00eddas para fechar o circuito entre a retirada de...","og_url":"https:\/\/www.acertar.org.br\/acertar\/ceramica-materiais-100-reciclaveis\/","og_site_name":"Bloco Ceramico-Tijolo-Telha-Laje-SP","article_published_time":"2015-05-22T18:26:44+00:00","article_modified_time":"2015-06-25T19:52:03+00:00","og_image":[{"width":600,"height":472,"url":"https:\/\/www.acertar.org.br\/wp-content\/uploads\/2015\/04\/100Reciclavel1.jpg","type":"image\/jpeg"}],"author":"Administrador","twitter_misc":{"Escrito por":"Administrador","Est. tempo de leitura":"1 minuto"},"schema":{"@context":"https:\/\/schema.org","@graph":[{"@type":"WebPage","@id":"https:\/\/www.acertar.org.br\/acertar\/ceramica-materiais-100-reciclaveis\/","url":"https:\/\/www.acertar.org.br\/acertar\/ceramica-materiais-100-reciclaveis\/","name":"Cer\u00e2mica: materiais 100% recicl\u00e1veis - Bloco Ceramico-Tijolo-Telha-Laje-SP","isPartOf":{"@id":"https:\/\/www.acertar.org.br\/acertar\/#website"},"primaryImageOfPage":{"@id":"https:\/\/www.acertar.org.br\/acertar\/ceramica-materiais-100-reciclaveis\/#primaryimage"},"image":{"@id":"https:\/\/www.acertar.org.br\/acertar\/ceramica-materiais-100-reciclaveis\/#primaryimage"},"thumbnailUrl":"https:\/\/www.acertar.org.br\/wp-content\/uploads\/2015\/04\/100Reciclavel1.jpg","datePublished":"2015-05-22T18:26:44+00:00","dateModified":"2015-06-25T19:52:03+00:00","author":{"@id":"https:\/\/www.acertar.org.br\/acertar\/#\/schema\/person\/4dedfe82c5214bfe083e0df97672c918"},"breadcrumb":{"@id":"https:\/\/www.acertar.org.br\/acertar\/ceramica-materiais-100-reciclaveis\/#breadcrumb"},"inLanguage":"pt-BR","potentialAction":[{"@type":"ReadAction","target":["https:\/\/www.acertar.org.br\/acertar\/ceramica-materiais-100-reciclaveis\/"]}]},{"@type":"ImageObject","inLanguage":"pt-BR","@id":"https:\/\/www.acertar.org.br\/acertar\/ceramica-materiais-100-reciclaveis\/#primaryimage","url":"https:\/\/www.acertar.org.br\/wp-content\/uploads\/2015\/04\/100Reciclavel1.jpg","contentUrl":"https:\/\/www.acertar.org.br\/wp-content\/uploads\/2015\/04\/100Reciclavel1.jpg","width":600,"height":472},{"@type":"BreadcrumbList","@id":"https:\/\/www.acertar.org.br\/acertar\/ceramica-materiais-100-reciclaveis\/#breadcrumb","itemListElement":[{"@type":"ListItem","position":1,"name":"In\u00edcio","item":"https:\/\/www.acertar.org.br\/acertar\/"},{"@type":"ListItem","position":2,"name":"Cer\u00e2mica: materiais 100% recicl\u00e1veis"}]},{"@type":"WebSite","@id":"https:\/\/www.acertar.org.br\/acertar\/#website","url":"https:\/\/www.acertar.org.br\/acertar\/","name":"Bloco Ceramico-Tijolo-Telha-Laje-SP","description":"Associa\u00e7\u00e3o das Cer\u00e2micas de Tatu\u00ed e Regi\u00e3o","potentialAction":[{"@type":"SearchAction","target":{"@type":"EntryPoint","urlTemplate":"https:\/\/www.acertar.org.br\/acertar\/?s={search_term_string}"},"query-input":"required name=search_term_string"}],"inLanguage":"pt-BR"},{"@type":"Person","@id":"https:\/\/www.acertar.org.br\/acertar\/#\/schema\/person\/4dedfe82c5214bfe083e0df97672c918","name":"Administrador","image":{"@type":"ImageObject","inLanguage":"pt-BR","@id":"https:\/\/www.acertar.org.br\/acertar\/#\/schema\/person\/image\/","url":"https:\/\/secure.gravatar.com\/avatar\/79cc291565d0dd9baa4668ea5961187d?s=96&d=mm&r=g","contentUrl":"https:\/\/secure.gravatar.com\/avatar\/79cc291565d0dd9baa4668ea5961187d?s=96&d=mm&r=g","caption":"Administrador"},"url":"https:\/\/www.acertar.org.br\/acertar\/author\/administrador\/"}]}},"_links":{"self":[{"href":"https:\/\/www.acertar.org.br\/acertar\/wp-json\/wp\/v2\/posts\/5017"}],"collection":[{"href":"https:\/\/www.acertar.org.br\/acertar\/wp-json\/wp\/v2\/posts"}],"about":[{"href":"https:\/\/www.acertar.org.br\/acertar\/wp-json\/wp\/v2\/types\/post"}],"author":[{"embeddable":true,"href":"https:\/\/www.acertar.org.br\/acertar\/wp-json\/wp\/v2\/users\/1"}],"replies":[{"embeddable":true,"href":"https:\/\/www.acertar.org.br\/acertar\/wp-json\/wp\/v2\/comments?post=5017"}],"version-history":[{"count":3,"href":"https:\/\/www.acertar.org.br\/acertar\/wp-json\/wp\/v2\/posts\/5017\/revisions"}],"predecessor-version":[{"id":5021,"href":"https:\/\/www.acertar.org.br\/acertar\/wp-json\/wp\/v2\/posts\/5017\/revisions\/5021"}],"wp:featuredmedia":[{"embeddable":true,"href":"https:\/\/www.acertar.org.br\/acertar\/wp-json\/wp\/v2\/media\/5022"}],"wp:attachment":[{"href":"https:\/\/www.acertar.org.br\/acertar\/wp-json\/wp\/v2\/media?parent=5017"}],"wp:term":[{"taxonomy":"category","embeddable":true,"href":"https:\/\/www.acertar.org.br\/acertar\/wp-json\/wp\/v2\/categories?post=5017"},{"taxonomy":"post_tag","embeddable":true,"href":"https:\/\/www.acertar.org.br\/acertar\/wp-json\/wp\/v2\/tags?post=5017"}],"curies":[{"name":"wp","href":"https:\/\/api.w.org\/{rel}","templated":true}]}}