{"id":5083,"date":"2015-11-24T14:51:03","date_gmt":"2015-11-24T14:51:03","guid":{"rendered":"http:\/\/www.acertar.org.br\/acertar\/?p=5083"},"modified":"2015-11-24T18:49:54","modified_gmt":"2015-11-24T18:49:54","slug":"o-taj-mahal-foi-erguido-com-tijolos-ceramicos","status":"publish","type":"post","link":"https:\/\/www.acertar.org.br\/acertar\/o-taj-mahal-foi-erguido-com-tijolos-ceramicos\/","title":{"rendered":"Taj Mahal foi erguido com tijolos cer\u00e2micos"},"content":{"rendered":"<p>Monumento mais conhecido da \u00cdndia, o Taj Mahal foi erguido com pequenos tijolos cer\u00e2micos produzidos em fornos nos arredores da cidade de Agra. <\/p>\n<p>O Taj Mahal foi constru\u00eddo pelo imperador Shah Jahan (1628-1658) em venera\u00e7\u00e3o \u00e0 sua amada esposa Aryumand Banu que faleceu no parto de seu 14\u00ba filho. O Taj Mahal \u00e9 patrim\u00f4nio da humanidade e considerado pela sua grandiosidade e beleza entre os maiores s\u00edmbolos ao amor erguidos pelo homem. A obra levou 22 anos e empregou mais de 20 mil homens. Recobrindo a alvenaria cer\u00e2mica, foram empregados m\u00e1rmore e pedras semipreciosas, como a safira, a turmalina e l\u00e1pis-laz\u00fali.<\/p>\n<p>Hoje mais do que nunca, a cer\u00e2mica continua sendo a melhor escolha quando buscamos uma constru\u00e7\u00e3o s\u00f3lida que isola tanto a temperatura, quanto a umidade. Quando pensamos num material de constru\u00e7\u00e3o dur\u00e1vel, sustent\u00e1vel e ecol\u00f3gico mais uma vez nenhum outro supera a cer\u00e2mica. Est\u00e1 a\u00ed um exemplo not\u00e1vel, o Taj Mahal que resistiu a inunda\u00e7\u00f5es, tempestades, guerras e segue como s\u00edmbolo do amor e da beleza inspirando a humanidade.<\/p>\n","protected":false},"excerpt":{"rendered":"<p>Monumento mais conhecido da \u00cdndia, o Taj Mahal foi erguido com pequenos tijolos cer\u00e2micos produzidos em fornos nos arredores da cidade de Agra. O Taj Mahal foi constru\u00eddo pelo imperador&#8230;<\/p>\n","protected":false},"author":1,"featured_media":5084,"comment_status":"open","ping_status":"open","sticky":false,"template":"","format":"standard","meta":{"footnotes":""},"categories":[46,37,58,47],"tags":[],"yoast_head":"<!-- This site is optimized with the Yoast SEO plugin v22.8 - https:\/\/yoast.com\/wordpress\/plugins\/seo\/ -->\n<title>Tijolos ceramicos<\/title>\n<meta name=\"description\" content=\"o Taj Mahal foi erguido com pequenos tijolos cer\u00e2micos produzidos em fornos nos arredores da cidade de Agra \u00cdndia\" \/>\n<meta name=\"robots\" content=\"index, follow, max-snippet:-1, max-image-preview:large, max-video-preview:-1\" \/>\n<link rel=\"canonical\" href=\"https:\/\/www.acertar.org.br\/acertar\/o-taj-mahal-foi-erguido-com-tijolos-ceramicos\/\" \/>\n<meta property=\"og:locale\" content=\"pt_BR\" \/>\n<meta property=\"og:type\" content=\"article\" \/>\n<meta property=\"og:title\" content=\"Tijolos ceramicos\" \/>\n<meta property=\"og:description\" content=\"o Taj Mahal foi erguido com pequenos tijolos cer\u00e2micos produzidos em fornos nos arredores da cidade de Agra \u00cdndia\" \/>\n<meta property=\"og:url\" content=\"https:\/\/www.acertar.org.br\/acertar\/o-taj-mahal-foi-erguido-com-tijolos-ceramicos\/\" \/>\n<meta property=\"og:site_name\" content=\"Bloco Ceramico-Tijolo-Telha-Laje-SP\" \/>\n<meta property=\"article:published_time\" content=\"2015-11-24T14:51:03+00:00\" \/>\n<meta property=\"article:modified_time\" content=\"2015-11-24T18:49:54+00:00\" \/>\n<meta property=\"og:image\" content=\"https:\/\/www.acertar.org.br\/wp-content\/uploads\/2015\/11\/TajMahal.jpg\" \/>\n\t<meta property=\"og:image:width\" content=\"1200\" \/>\n\t<meta property=\"og:image:height\" content=\"789\" \/>\n\t<meta property=\"og:image:type\" content=\"image\/jpeg\" \/>\n<meta name=\"author\" content=\"Administrador\" \/>\n<meta name=\"twitter:label1\" content=\"Escrito por\" \/>\n\t<meta name=\"twitter:data1\" content=\"Administrador\" \/>\n\t<meta name=\"twitter:label2\" content=\"Est. tempo de leitura\" \/>\n\t<meta name=\"twitter:data2\" content=\"1 minuto\" \/>\n<script type=\"application\/ld+json\" class=\"yoast-schema-graph\">{\"@context\":\"https:\/\/schema.org\",\"@graph\":[{\"@type\":\"WebPage\",\"@id\":\"https:\/\/www.acertar.org.br\/acertar\/o-taj-mahal-foi-erguido-com-tijolos-ceramicos\/\",\"url\":\"https:\/\/www.acertar.org.br\/acertar\/o-taj-mahal-foi-erguido-com-tijolos-ceramicos\/\",\"name\":\"Tijolos ceramicos\",\"isPartOf\":{\"@id\":\"https:\/\/www.acertar.org.br\/acertar\/#website\"},\"primaryImageOfPage\":{\"@id\":\"https:\/\/www.acertar.org.br\/acertar\/o-taj-mahal-foi-erguido-com-tijolos-ceramicos\/#primaryimage\"},\"image\":{\"@id\":\"https:\/\/www.acertar.org.br\/acertar\/o-taj-mahal-foi-erguido-com-tijolos-ceramicos\/#primaryimage\"},\"thumbnailUrl\":\"https:\/\/www.acertar.org.br\/wp-content\/uploads\/2015\/11\/TajMahal.jpg\",\"datePublished\":\"2015-11-24T14:51:03+00:00\",\"dateModified\":\"2015-11-24T18:49:54+00:00\",\"author\":{\"@id\":\"https:\/\/www.acertar.org.br\/acertar\/#\/schema\/person\/4dedfe82c5214bfe083e0df97672c918\"},\"description\":\"o Taj Mahal foi erguido com pequenos tijolos cer\u00e2micos produzidos em fornos nos arredores da cidade de Agra \u00cdndia\",\"breadcrumb\":{\"@id\":\"https:\/\/www.acertar.org.br\/acertar\/o-taj-mahal-foi-erguido-com-tijolos-ceramicos\/#breadcrumb\"},\"inLanguage\":\"pt-BR\",\"potentialAction\":[{\"@type\":\"ReadAction\",\"target\":[\"https:\/\/www.acertar.org.br\/acertar\/o-taj-mahal-foi-erguido-com-tijolos-ceramicos\/\"]}]},{\"@type\":\"ImageObject\",\"inLanguage\":\"pt-BR\",\"@id\":\"https:\/\/www.acertar.org.br\/acertar\/o-taj-mahal-foi-erguido-com-tijolos-ceramicos\/#primaryimage\",\"url\":\"https:\/\/www.acertar.org.br\/wp-content\/uploads\/2015\/11\/TajMahal.jpg\",\"contentUrl\":\"https:\/\/www.acertar.org.br\/wp-content\/uploads\/2015\/11\/TajMahal.jpg\",\"width\":1200,\"height\":789},{\"@type\":\"BreadcrumbList\",\"@id\":\"https:\/\/www.acertar.org.br\/acertar\/o-taj-mahal-foi-erguido-com-tijolos-ceramicos\/#breadcrumb\",\"itemListElement\":[{\"@type\":\"ListItem\",\"position\":1,\"name\":\"In\u00edcio\",\"item\":\"https:\/\/www.acertar.org.br\/acertar\/\"},{\"@type\":\"ListItem\",\"position\":2,\"name\":\"Taj Mahal foi erguido com tijolos cer\u00e2micos\"}]},{\"@type\":\"WebSite\",\"@id\":\"https:\/\/www.acertar.org.br\/acertar\/#website\",\"url\":\"https:\/\/www.acertar.org.br\/acertar\/\",\"name\":\"Bloco Ceramico-Tijolo-Telha-Laje-SP\",\"description\":\"Associa\u00e7\u00e3o das Cer\u00e2micas de Tatu\u00ed e Regi\u00e3o\",\"potentialAction\":[{\"@type\":\"SearchAction\",\"target\":{\"@type\":\"EntryPoint\",\"urlTemplate\":\"https:\/\/www.acertar.org.br\/acertar\/?s={search_term_string}\"},\"query-input\":\"required name=search_term_string\"}],\"inLanguage\":\"pt-BR\"},{\"@type\":\"Person\",\"@id\":\"https:\/\/www.acertar.org.br\/acertar\/#\/schema\/person\/4dedfe82c5214bfe083e0df97672c918\",\"name\":\"Administrador\",\"image\":{\"@type\":\"ImageObject\",\"inLanguage\":\"pt-BR\",\"@id\":\"https:\/\/www.acertar.org.br\/acertar\/#\/schema\/person\/image\/\",\"url\":\"https:\/\/secure.gravatar.com\/avatar\/79cc291565d0dd9baa4668ea5961187d?s=96&d=mm&r=g\",\"contentUrl\":\"https:\/\/secure.gravatar.com\/avatar\/79cc291565d0dd9baa4668ea5961187d?s=96&d=mm&r=g\",\"caption\":\"Administrador\"},\"url\":\"https:\/\/www.acertar.org.br\/acertar\/author\/administrador\/\"}]}<\/script>\n<!-- \/ Yoast SEO plugin. -->","yoast_head_json":{"title":"Tijolos ceramicos","description":"o Taj Mahal foi erguido com pequenos tijolos cer\u00e2micos produzidos em fornos nos arredores da cidade de Agra \u00cdndia","robots":{"index":"index","follow":"follow","max-snippet":"max-snippet:-1","max-image-preview":"max-image-preview:large","max-video-preview":"max-video-preview:-1"},"canonical":"https:\/\/www.acertar.org.br\/acertar\/o-taj-mahal-foi-erguido-com-tijolos-ceramicos\/","og_locale":"pt_BR","og_type":"article","og_title":"Tijolos ceramicos","og_description":"o Taj Mahal foi erguido com pequenos tijolos cer\u00e2micos produzidos em fornos nos arredores da cidade de Agra \u00cdndia","og_url":"https:\/\/www.acertar.org.br\/acertar\/o-taj-mahal-foi-erguido-com-tijolos-ceramicos\/","og_site_name":"Bloco Ceramico-Tijolo-Telha-Laje-SP","article_published_time":"2015-11-24T14:51:03+00:00","article_modified_time":"2015-11-24T18:49:54+00:00","og_image":[{"width":1200,"height":789,"url":"https:\/\/www.acertar.org.br\/wp-content\/uploads\/2015\/11\/TajMahal.jpg","type":"image\/jpeg"}],"author":"Administrador","twitter_misc":{"Escrito por":"Administrador","Est. tempo de leitura":"1 minuto"},"schema":{"@context":"https:\/\/schema.org","@graph":[{"@type":"WebPage","@id":"https:\/\/www.acertar.org.br\/acertar\/o-taj-mahal-foi-erguido-com-tijolos-ceramicos\/","url":"https:\/\/www.acertar.org.br\/acertar\/o-taj-mahal-foi-erguido-com-tijolos-ceramicos\/","name":"Tijolos ceramicos","isPartOf":{"@id":"https:\/\/www.acertar.org.br\/acertar\/#website"},"primaryImageOfPage":{"@id":"https:\/\/www.acertar.org.br\/acertar\/o-taj-mahal-foi-erguido-com-tijolos-ceramicos\/#primaryimage"},"image":{"@id":"https:\/\/www.acertar.org.br\/acertar\/o-taj-mahal-foi-erguido-com-tijolos-ceramicos\/#primaryimage"},"thumbnailUrl":"https:\/\/www.acertar.org.br\/wp-content\/uploads\/2015\/11\/TajMahal.jpg","datePublished":"2015-11-24T14:51:03+00:00","dateModified":"2015-11-24T18:49:54+00:00","author":{"@id":"https:\/\/www.acertar.org.br\/acertar\/#\/schema\/person\/4dedfe82c5214bfe083e0df97672c918"},"description":"o Taj Mahal foi erguido com pequenos tijolos cer\u00e2micos produzidos em fornos nos arredores da cidade de Agra \u00cdndia","breadcrumb":{"@id":"https:\/\/www.acertar.org.br\/acertar\/o-taj-mahal-foi-erguido-com-tijolos-ceramicos\/#breadcrumb"},"inLanguage":"pt-BR","potentialAction":[{"@type":"ReadAction","target":["https:\/\/www.acertar.org.br\/acertar\/o-taj-mahal-foi-erguido-com-tijolos-ceramicos\/"]}]},{"@type":"ImageObject","inLanguage":"pt-BR","@id":"https:\/\/www.acertar.org.br\/acertar\/o-taj-mahal-foi-erguido-com-tijolos-ceramicos\/#primaryimage","url":"https:\/\/www.acertar.org.br\/wp-content\/uploads\/2015\/11\/TajMahal.jpg","contentUrl":"https:\/\/www.acertar.org.br\/wp-content\/uploads\/2015\/11\/TajMahal.jpg","width":1200,"height":789},{"@type":"BreadcrumbList","@id":"https:\/\/www.acertar.org.br\/acertar\/o-taj-mahal-foi-erguido-com-tijolos-ceramicos\/#breadcrumb","itemListElement":[{"@type":"ListItem","position":1,"name":"In\u00edcio","item":"https:\/\/www.acertar.org.br\/acertar\/"},{"@type":"ListItem","position":2,"name":"Taj Mahal foi erguido com tijolos cer\u00e2micos"}]},{"@type":"WebSite","@id":"https:\/\/www.acertar.org.br\/acertar\/#website","url":"https:\/\/www.acertar.org.br\/acertar\/","name":"Bloco Ceramico-Tijolo-Telha-Laje-SP","description":"Associa\u00e7\u00e3o das Cer\u00e2micas de Tatu\u00ed e Regi\u00e3o","potentialAction":[{"@type":"SearchAction","target":{"@type":"EntryPoint","urlTemplate":"https:\/\/www.acertar.org.br\/acertar\/?s={search_term_string}"},"query-input":"required name=search_term_string"}],"inLanguage":"pt-BR"},{"@type":"Person","@id":"https:\/\/www.acertar.org.br\/acertar\/#\/schema\/person\/4dedfe82c5214bfe083e0df97672c918","name":"Administrador","image":{"@type":"ImageObject","inLanguage":"pt-BR","@id":"https:\/\/www.acertar.org.br\/acertar\/#\/schema\/person\/image\/","url":"https:\/\/secure.gravatar.com\/avatar\/79cc291565d0dd9baa4668ea5961187d?s=96&d=mm&r=g","contentUrl":"https:\/\/secure.gravatar.com\/avatar\/79cc291565d0dd9baa4668ea5961187d?s=96&d=mm&r=g","caption":"Administrador"},"url":"https:\/\/www.acertar.org.br\/acertar\/author\/administrador\/"}]}},"_links":{"self":[{"href":"https:\/\/www.acertar.org.br\/acertar\/wp-json\/wp\/v2\/posts\/5083"}],"collection":[{"href":"https:\/\/www.acertar.org.br\/acertar\/wp-json\/wp\/v2\/posts"}],"about":[{"href":"https:\/\/www.acertar.org.br\/acertar\/wp-json\/wp\/v2\/types\/post"}],"author":[{"embeddable":true,"href":"https:\/\/www.acertar.org.br\/acertar\/wp-json\/wp\/v2\/users\/1"}],"replies":[{"embeddable":true,"href":"https:\/\/www.acertar.org.br\/acertar\/wp-json\/wp\/v2\/comments?post=5083"}],"version-history":[{"count":5,"href":"https:\/\/www.acertar.org.br\/acertar\/wp-json\/wp\/v2\/posts\/5083\/revisions"}],"predecessor-version":[{"id":5089,"href":"https:\/\/www.acertar.org.br\/acertar\/wp-json\/wp\/v2\/posts\/5083\/revisions\/5089"}],"wp:featuredmedia":[{"embeddable":true,"href":"https:\/\/www.acertar.org.br\/acertar\/wp-json\/wp\/v2\/media\/5084"}],"wp:attachment":[{"href":"https:\/\/www.acertar.org.br\/acertar\/wp-json\/wp\/v2\/media?parent=5083"}],"wp:term":[{"taxonomy":"category","embeddable":true,"href":"https:\/\/www.acertar.org.br\/acertar\/wp-json\/wp\/v2\/categories?post=5083"},{"taxonomy":"post_tag","embeddable":true,"href":"https:\/\/www.acertar.org.br\/acertar\/wp-json\/wp\/v2\/tags?post=5083"}],"curies":[{"name":"wp","href":"https:\/\/api.w.org\/{rel}","templated":true}]}}